{"id":7073,"date":"2025-04-30T08:57:21","date_gmt":"2025-04-30T07:57:21","guid":{"rendered":"https:\/\/agrivalais.ch\/?p=7073"},"modified":"2025-04-30T08:57:37","modified_gmt":"2025-04-30T07:57:37","slug":"aenderung-des-verfahrens-und-zusaetzliche-fristen-fuer-die-anmeldung-ihrer-saisonarbeitskraefte","status":"publish","type":"post","link":"https:\/\/agrivalais.ch\/de\/aenderung-des-verfahrens-und-zusaetzliche-fristen-fuer-die-anmeldung-ihrer-saisonarbeitskraefte\/","title":{"rendered":"\u00c4nderung des Verfahrens und zus\u00e4tzliche Fristen f\u00fcr die Anmeldung Ihrer Saisonarbeitskr\u00e4fte"},"content":{"rendered":"<p>Das Verfahren f\u00fcr die Meldung von Saisonarbeitskr\u00e4ften hat einige \u00c4nderungen erfahren. Ab sofort m\u00fcssen Sie Ihre Landarbeiter \u00fcber die Website\u00a0<a href=\"https:\/\/www.easygov.swiss\/easygov\/#\/de\">EasyGov.Swiss<\/a> anmelden.<\/p>\n<p>Seien Sie vorsichtig, da es bis zu zwei Wochen dauern kann, bis Sie die Genehmigung zur Nutzung der Website durch Sie erhalten.<\/p>\n","protected":false},"excerpt":{"rendered":"<p>Das Verfahren f\u00fcr die Meldung von Saisonarbeitskr\u00e4ften hat einige \u00c4nderungen erfahren. Ab sofort m\u00fcssen Sie Ihre Landarbeiter \u00fcber die Website\u00a0EasyGov.Swiss anmelden. Seien Sie vorsichtig, da es bis zu zwei Wochen dauern kann, bis Sie die Genehmigung zur Nutzung der Website durch Sie erhalten.<\/p>\n","protected":false},"author":4,"featured_media":4421,"comment_status":"closed","ping_status":"closed","sticky":false,"template":"","format":"standard","meta":{"_acf_changed":false,"footnotes":""},"categories":[2],"tags":[],"class_list":["post-7073","post","type-post","status-publish","format-standard","has-post-thumbnail","hentry","category-unkategorisiert"],"acf":[],"yoast_head":"<!-- This site is optimized with the Yoast SEO plugin v27.4 - https:\/\/yoast.com\/product\/yoast-seo-wordpress\/ -->\n<title>\u00c4nderung des Verfahrens und zus\u00e4tzliche Fristen f\u00fcr die Anmeldung Ihrer Saisonarbeitskr\u00e4fte - Agrivalais<\/title>\n<meta name=\"description\" content=\"Das Verfahren f\u00fcr die Meldung von Saisonarbeitskr\u00e4ften hat einige \u00c4nderungen erfahren. Ab sofort m\u00fcssen Sie Ihre Landarbeiter \u00fcber die\" \/>\n<meta name=\"robots\" content=\"index, follow, max-snippet:-1, max-image-preview:large, max-video-preview:-1\" \/>\n<link rel=\"canonical\" href=\"https:\/\/agrivalais.ch\/de\/aenderung-des-verfahrens-und-zusaetzliche-fristen-fuer-die-anmeldung-ihrer-saisonarbeitskraefte\/\" \/>\n<meta property=\"og:locale\" content=\"de_DE\" \/>\n<meta property=\"og:type\" content=\"article\" \/>\n<meta property=\"og:title\" content=\"\u00c4nderung des Verfahrens und zus\u00e4tzliche Fristen f\u00fcr die Anmeldung Ihrer Saisonarbeitskr\u00e4fte - Agrivalais\" \/>\n<meta property=\"og:description\" content=\"Das Verfahren f\u00fcr die Meldung von Saisonarbeitskr\u00e4ften hat einige \u00c4nderungen erfahren. Ab sofort m\u00fcssen Sie Ihre Landarbeiter \u00fcber die\" \/>\n<meta property=\"og:url\" content=\"https:\/\/agrivalais.ch\/de\/aenderung-des-verfahrens-und-zusaetzliche-fristen-fuer-die-anmeldung-ihrer-saisonarbeitskraefte\/\" \/>\n<meta property=\"og:site_name\" content=\"Agrivalais\" \/>\n<meta property=\"article:published_time\" content=\"2025-04-30T07:57:21+00:00\" \/>\n<meta property=\"article:modified_time\" content=\"2025-04-30T07:57:37+00:00\" \/>\n<meta property=\"og:image\" content=\"https:\/\/agrivalais.ch\/wp-content\/uploads\/2015\/11\/etat-valais-fperraudin-s.jpg\" \/>\n\t<meta property=\"og:image:width\" content=\"450\" \/>\n\t<meta property=\"og:image:height\" content=\"299\" \/>\n\t<meta property=\"og:image:type\" content=\"image\/jpeg\" \/>\n<meta name=\"author\" content=\"Nelly Claeyman\" \/>\n<meta name=\"twitter:card\" content=\"summary_large_image\" \/>\n<meta name=\"twitter:label1\" content=\"Verfasst von\" \/>\n\t<meta name=\"twitter:data1\" content=\"Nelly Claeyman\" \/>\n\t<meta name=\"twitter:label2\" content=\"Gesch\u00e4tzte Lesezeit\" \/>\n\t<meta name=\"twitter:data2\" content=\"1\u00a0Minute\" \/>\n<script type=\"application\/ld+json\" class=\"yoast-schema-graph\">{\"@context\":\"https:\\\/\\\/schema.org\",\"@graph\":[{\"@type\":\"Article\",\"@id\":\"https:\\\/\\\/agrivalais.ch\\\/de\\\/aenderung-des-verfahrens-und-zusaetzliche-fristen-fuer-die-anmeldung-ihrer-saisonarbeitskraefte\\\/#article\",\"isPartOf\":{\"@id\":\"https:\\\/\\\/agrivalais.ch\\\/de\\\/aenderung-des-verfahrens-und-zusaetzliche-fristen-fuer-die-anmeldung-ihrer-saisonarbeitskraefte\\\/\"},\"author\":{\"name\":\"Nelly Claeyman\",\"@id\":\"https:\\\/\\\/agrivalais.ch\\\/#\\\/schema\\\/person\\\/e7ad570acda7f8f4fca1e804ee8ac299\"},\"headline\":\"\u00c4nderung des Verfahrens und zus\u00e4tzliche Fristen f\u00fcr die Anmeldung Ihrer Saisonarbeitskr\u00e4fte\",\"datePublished\":\"2025-04-30T07:57:21+00:00\",\"dateModified\":\"2025-04-30T07:57:37+00:00\",\"mainEntityOfPage\":{\"@id\":\"https:\\\/\\\/agrivalais.ch\\\/de\\\/aenderung-des-verfahrens-und-zusaetzliche-fristen-fuer-die-anmeldung-ihrer-saisonarbeitskraefte\\\/\"},\"wordCount\":62,\"image\":{\"@id\":\"https:\\\/\\\/agrivalais.ch\\\/de\\\/aenderung-des-verfahrens-und-zusaetzliche-fristen-fuer-die-anmeldung-ihrer-saisonarbeitskraefte\\\/#primaryimage\"},\"thumbnailUrl\":\"https:\\\/\\\/agrivalais.ch\\\/wp-content\\\/uploads\\\/2015\\\/11\\\/etat-valais-fperraudin-s.jpg\",\"articleSection\":[\"Unkategorisiert\"],\"inLanguage\":\"de\"},{\"@type\":\"WebPage\",\"@id\":\"https:\\\/\\\/agrivalais.ch\\\/de\\\/aenderung-des-verfahrens-und-zusaetzliche-fristen-fuer-die-anmeldung-ihrer-saisonarbeitskraefte\\\/\",\"url\":\"https:\\\/\\\/agrivalais.ch\\\/de\\\/aenderung-des-verfahrens-und-zusaetzliche-fristen-fuer-die-anmeldung-ihrer-saisonarbeitskraefte\\\/\",\"name\":\"\u00c4nderung des Verfahrens und zus\u00e4tzliche Fristen f\u00fcr die Anmeldung Ihrer Saisonarbeitskr\u00e4fte - Agrivalais\",\"isPartOf\":{\"@id\":\"https:\\\/\\\/agrivalais.ch\\\/#website\"},\"primaryImageOfPage\":{\"@id\":\"https:\\\/\\\/agrivalais.ch\\\/de\\\/aenderung-des-verfahrens-und-zusaetzliche-fristen-fuer-die-anmeldung-ihrer-saisonarbeitskraefte\\\/#primaryimage\"},\"image\":{\"@id\":\"https:\\\/\\\/agrivalais.ch\\\/de\\\/aenderung-des-verfahrens-und-zusaetzliche-fristen-fuer-die-anmeldung-ihrer-saisonarbeitskraefte\\\/#primaryimage\"},\"thumbnailUrl\":\"https:\\\/\\\/agrivalais.ch\\\/wp-content\\\/uploads\\\/2015\\\/11\\\/etat-valais-fperraudin-s.jpg\",\"datePublished\":\"2025-04-30T07:57:21+00:00\",\"dateModified\":\"2025-04-30T07:57:37+00:00\",\"author\":{\"@id\":\"https:\\\/\\\/agrivalais.ch\\\/#\\\/schema\\\/person\\\/e7ad570acda7f8f4fca1e804ee8ac299\"},\"description\":\"Das Verfahren f\u00fcr die Meldung von Saisonarbeitskr\u00e4ften hat einige \u00c4nderungen erfahren. Ab sofort m\u00fcssen Sie Ihre Landarbeiter \u00fcber die\",\"breadcrumb\":{\"@id\":\"https:\\\/\\\/agrivalais.ch\\\/de\\\/aenderung-des-verfahrens-und-zusaetzliche-fristen-fuer-die-anmeldung-ihrer-saisonarbeitskraefte\\\/#breadcrumb\"},\"inLanguage\":\"de\",\"potentialAction\":[{\"@type\":\"ReadAction\",\"target\":[\"https:\\\/\\\/agrivalais.ch\\\/de\\\/aenderung-des-verfahrens-und-zusaetzliche-fristen-fuer-die-anmeldung-ihrer-saisonarbeitskraefte\\\/\"]}]},{\"@type\":\"ImageObject\",\"inLanguage\":\"de\",\"@id\":\"https:\\\/\\\/agrivalais.ch\\\/de\\\/aenderung-des-verfahrens-und-zusaetzliche-fristen-fuer-die-anmeldung-ihrer-saisonarbeitskraefte\\\/#primaryimage\",\"url\":\"https:\\\/\\\/agrivalais.ch\\\/wp-content\\\/uploads\\\/2015\\\/11\\\/etat-valais-fperraudin-s.jpg\",\"contentUrl\":\"https:\\\/\\\/agrivalais.ch\\\/wp-content\\\/uploads\\\/2015\\\/11\\\/etat-valais-fperraudin-s.jpg\",\"width\":450,\"height\":299},{\"@type\":\"BreadcrumbList\",\"@id\":\"https:\\\/\\\/agrivalais.ch\\\/de\\\/aenderung-des-verfahrens-und-zusaetzliche-fristen-fuer-die-anmeldung-ihrer-saisonarbeitskraefte\\\/#breadcrumb\",\"itemListElement\":[{\"@type\":\"ListItem\",\"position\":1,\"name\":\"Home\",\"item\":\"https:\\\/\\\/agrivalais.ch\\\/de\\\/\"},{\"@type\":\"ListItem\",\"position\":2,\"name\":\"\u00c4nderung des Verfahrens und zus\u00e4tzliche Fristen f\u00fcr die Anmeldung Ihrer Saisonarbeitskr\u00e4fte\"}]},{\"@type\":\"WebSite\",\"@id\":\"https:\\\/\\\/agrivalais.ch\\\/#website\",\"url\":\"https:\\\/\\\/agrivalais.ch\\\/\",\"name\":\"Agrivalais\",\"description\":\"Chambre Valaisanne d\u2019Agriculture - Walliser Landwirtschaftskammer\",\"potentialAction\":[{\"@type\":\"SearchAction\",\"target\":{\"@type\":\"EntryPoint\",\"urlTemplate\":\"https:\\\/\\\/agrivalais.ch\\\/?s={search_term_string}\"},\"query-input\":{\"@type\":\"PropertyValueSpecification\",\"valueRequired\":true,\"valueName\":\"search_term_string\"}}],\"inLanguage\":\"de\"},{\"@type\":\"Person\",\"@id\":\"https:\\\/\\\/agrivalais.ch\\\/#\\\/schema\\\/person\\\/e7ad570acda7f8f4fca1e804ee8ac299\",\"name\":\"Nelly Claeyman\",\"sameAs\":[\"http:\\\/\\\/www.agrivalais.ch\"],\"url\":\"https:\\\/\\\/agrivalais.ch\\\/de\\\/author\\\/agrivalais\\\/\"}]}<\/script>\n<!-- \/ Yoast SEO plugin. -->","yoast_head_json":{"title":"\u00c4nderung des Verfahrens und zus\u00e4tzliche Fristen f\u00fcr die Anmeldung Ihrer Saisonarbeitskr\u00e4fte - Agrivalais","description":"Das Verfahren f\u00fcr die Meldung von Saisonarbeitskr\u00e4ften hat einige \u00c4nderungen erfahren. Ab sofort m\u00fcssen Sie Ihre Landarbeiter \u00fcber die","robots":{"index":"index","follow":"follow","max-snippet":"max-snippet:-1","max-image-preview":"max-image-preview:large","max-video-preview":"max-video-preview:-1"},"canonical":"https:\/\/agrivalais.ch\/de\/aenderung-des-verfahrens-und-zusaetzliche-fristen-fuer-die-anmeldung-ihrer-saisonarbeitskraefte\/","og_locale":"de_DE","og_type":"article","og_title":"\u00c4nderung des Verfahrens und zus\u00e4tzliche Fristen f\u00fcr die Anmeldung Ihrer Saisonarbeitskr\u00e4fte - Agrivalais","og_description":"Das Verfahren f\u00fcr die Meldung von Saisonarbeitskr\u00e4ften hat einige \u00c4nderungen erfahren. Ab sofort m\u00fcssen Sie Ihre Landarbeiter \u00fcber die","og_url":"https:\/\/agrivalais.ch\/de\/aenderung-des-verfahrens-und-zusaetzliche-fristen-fuer-die-anmeldung-ihrer-saisonarbeitskraefte\/","og_site_name":"Agrivalais","article_published_time":"2025-04-30T07:57:21+00:00","article_modified_time":"2025-04-30T07:57:37+00:00","og_image":[{"width":450,"height":299,"url":"https:\/\/agrivalais.ch\/wp-content\/uploads\/2015\/11\/etat-valais-fperraudin-s.jpg","type":"image\/jpeg"}],"author":"Nelly Claeyman","twitter_card":"summary_large_image","twitter_misc":{"Verfasst von":"Nelly Claeyman","Gesch\u00e4tzte Lesezeit":"1\u00a0Minute"},"schema":{"@context":"https:\/\/schema.org","@graph":[{"@type":"Article","@id":"https:\/\/agrivalais.ch\/de\/aenderung-des-verfahrens-und-zusaetzliche-fristen-fuer-die-anmeldung-ihrer-saisonarbeitskraefte\/#article","isPartOf":{"@id":"https:\/\/agrivalais.ch\/de\/aenderung-des-verfahrens-und-zusaetzliche-fristen-fuer-die-anmeldung-ihrer-saisonarbeitskraefte\/"},"author":{"name":"Nelly Claeyman","@id":"https:\/\/agrivalais.ch\/#\/schema\/person\/e7ad570acda7f8f4fca1e804ee8ac299"},"headline":"\u00c4nderung des Verfahrens und zus\u00e4tzliche Fristen f\u00fcr die Anmeldung Ihrer Saisonarbeitskr\u00e4fte","datePublished":"2025-04-30T07:57:21+00:00","dateModified":"2025-04-30T07:57:37+00:00","mainEntityOfPage":{"@id":"https:\/\/agrivalais.ch\/de\/aenderung-des-verfahrens-und-zusaetzliche-fristen-fuer-die-anmeldung-ihrer-saisonarbeitskraefte\/"},"wordCount":62,"image":{"@id":"https:\/\/agrivalais.ch\/de\/aenderung-des-verfahrens-und-zusaetzliche-fristen-fuer-die-anmeldung-ihrer-saisonarbeitskraefte\/#primaryimage"},"thumbnailUrl":"https:\/\/agrivalais.ch\/wp-content\/uploads\/2015\/11\/etat-valais-fperraudin-s.jpg","articleSection":["Unkategorisiert"],"inLanguage":"de"},{"@type":"WebPage","@id":"https:\/\/agrivalais.ch\/de\/aenderung-des-verfahrens-und-zusaetzliche-fristen-fuer-die-anmeldung-ihrer-saisonarbeitskraefte\/","url":"https:\/\/agrivalais.ch\/de\/aenderung-des-verfahrens-und-zusaetzliche-fristen-fuer-die-anmeldung-ihrer-saisonarbeitskraefte\/","name":"\u00c4nderung des Verfahrens und zus\u00e4tzliche Fristen f\u00fcr die Anmeldung Ihrer Saisonarbeitskr\u00e4fte - Agrivalais","isPartOf":{"@id":"https:\/\/agrivalais.ch\/#website"},"primaryImageOfPage":{"@id":"https:\/\/agrivalais.ch\/de\/aenderung-des-verfahrens-und-zusaetzliche-fristen-fuer-die-anmeldung-ihrer-saisonarbeitskraefte\/#primaryimage"},"image":{"@id":"https:\/\/agrivalais.ch\/de\/aenderung-des-verfahrens-und-zusaetzliche-fristen-fuer-die-anmeldung-ihrer-saisonarbeitskraefte\/#primaryimage"},"thumbnailUrl":"https:\/\/agrivalais.ch\/wp-content\/uploads\/2015\/11\/etat-valais-fperraudin-s.jpg","datePublished":"2025-04-30T07:57:21+00:00","dateModified":"2025-04-30T07:57:37+00:00","author":{"@id":"https:\/\/agrivalais.ch\/#\/schema\/person\/e7ad570acda7f8f4fca1e804ee8ac299"},"description":"Das Verfahren f\u00fcr die Meldung von Saisonarbeitskr\u00e4ften hat einige \u00c4nderungen erfahren. Ab sofort m\u00fcssen Sie Ihre Landarbeiter \u00fcber die","breadcrumb":{"@id":"https:\/\/agrivalais.ch\/de\/aenderung-des-verfahrens-und-zusaetzliche-fristen-fuer-die-anmeldung-ihrer-saisonarbeitskraefte\/#breadcrumb"},"inLanguage":"de","potentialAction":[{"@type":"ReadAction","target":["https:\/\/agrivalais.ch\/de\/aenderung-des-verfahrens-und-zusaetzliche-fristen-fuer-die-anmeldung-ihrer-saisonarbeitskraefte\/"]}]},{"@type":"ImageObject","inLanguage":"de","@id":"https:\/\/agrivalais.ch\/de\/aenderung-des-verfahrens-und-zusaetzliche-fristen-fuer-die-anmeldung-ihrer-saisonarbeitskraefte\/#primaryimage","url":"https:\/\/agrivalais.ch\/wp-content\/uploads\/2015\/11\/etat-valais-fperraudin-s.jpg","contentUrl":"https:\/\/agrivalais.ch\/wp-content\/uploads\/2015\/11\/etat-valais-fperraudin-s.jpg","width":450,"height":299},{"@type":"BreadcrumbList","@id":"https:\/\/agrivalais.ch\/de\/aenderung-des-verfahrens-und-zusaetzliche-fristen-fuer-die-anmeldung-ihrer-saisonarbeitskraefte\/#breadcrumb","itemListElement":[{"@type":"ListItem","position":1,"name":"Home","item":"https:\/\/agrivalais.ch\/de\/"},{"@type":"ListItem","position":2,"name":"\u00c4nderung des Verfahrens und zus\u00e4tzliche Fristen f\u00fcr die Anmeldung Ihrer Saisonarbeitskr\u00e4fte"}]},{"@type":"WebSite","@id":"https:\/\/agrivalais.ch\/#website","url":"https:\/\/agrivalais.ch\/","name":"Agrivalais","description":"Chambre Valaisanne d\u2019Agriculture - Walliser Landwirtschaftskammer","potentialAction":[{"@type":"SearchAction","target":{"@type":"EntryPoint","urlTemplate":"https:\/\/agrivalais.ch\/?s={search_term_string}"},"query-input":{"@type":"PropertyValueSpecification","valueRequired":true,"valueName":"search_term_string"}}],"inLanguage":"de"},{"@type":"Person","@id":"https:\/\/agrivalais.ch\/#\/schema\/person\/e7ad570acda7f8f4fca1e804ee8ac299","name":"Nelly Claeyman","sameAs":["http:\/\/www.agrivalais.ch"],"url":"https:\/\/agrivalais.ch\/de\/author\/agrivalais\/"}]}},"_links":{"self":[{"href":"https:\/\/agrivalais.ch\/de\/wp-json\/wp\/v2\/posts\/7073","targetHints":{"allow":["GET"]}}],"collection":[{"href":"https:\/\/agrivalais.ch\/de\/wp-json\/wp\/v2\/posts"}],"about":[{"href":"https:\/\/agrivalais.ch\/de\/wp-json\/wp\/v2\/types\/post"}],"author":[{"embeddable":true,"href":"https:\/\/agrivalais.ch\/de\/wp-json\/wp\/v2\/users\/4"}],"replies":[{"embeddable":true,"href":"https:\/\/agrivalais.ch\/de\/wp-json\/wp\/v2\/comments?post=7073"}],"version-history":[{"count":1,"href":"https:\/\/agrivalais.ch\/de\/wp-json\/wp\/v2\/posts\/7073\/revisions"}],"predecessor-version":[{"id":7074,"href":"https:\/\/agrivalais.ch\/de\/wp-json\/wp\/v2\/posts\/7073\/revisions\/7074"}],"wp:featuredmedia":[{"embeddable":true,"href":"https:\/\/agrivalais.ch\/de\/wp-json\/wp\/v2\/media\/4421"}],"wp:attachment":[{"href":"https:\/\/agrivalais.ch\/de\/wp-json\/wp\/v2\/media?parent=7073"}],"wp:term":[{"taxonomy":"category","embeddable":true,"href":"https:\/\/agrivalais.ch\/de\/wp-json\/wp\/v2\/categories?post=7073"},{"taxonomy":"post_tag","embeddable":true,"href":"https:\/\/agrivalais.ch\/de\/wp-json\/wp\/v2\/tags?post=7073"}],"curies":[{"name":"wp","href":"https:\/\/api.w.org\/{rel}","templated":true}]}}